{"id":544,"date":"2022-07-01T01:58:00","date_gmt":"2022-06-30T23:58:00","guid":{"rendered":"https:\/\/olympiquedemartiel.fr\/?p=544"},"modified":"2022-08-03T02:00:23","modified_gmt":"2022-08-03T00:00:23","slug":"fin-de-saison","status":"publish","type":"post","link":"https:\/\/olympiquedemartiel.fr\/?p=544","title":{"rendered":"Fin de saison!"},"content":{"rendered":"\n<p>Quelle saison! Malgr\u00e9 la d\u00e9faite en finale de coupe 3-4 contre l&rsquo;A.R. Manhac, le groupe finit en t\u00eate du groupe B du championnat de D4, tout juste 3 ans apr\u00e8s sa cr\u00e9ation en D6.<\/p>\n\n\n\n<p>L&rsquo;Olympique de Martiel \u00e9voluera en D3 lors de la saison 2022-23. F\u00e9licitations \u00e0 l&rsquo;ensemble des joueurs et dirigeants pour l&rsquo;incroyable boulot accompli ces 3 derni\u00e8res saisons.<\/p>\n\n\n\n<figure class=\"wp-block-image\"><img src=\"https:\/\/scontent-mrs2-2.xx.fbcdn.net\/v\/t39.30808-6\/285401929_5224304757636669_1323039624700961826_n.jpg?_nc_cat=107&amp;ccb=1-7&amp;_nc_sid=0debeb&amp;_nc_ohc=c69T9AlV1qIAX8ouzvr&amp;tn=9V0Cr7I7-4zReXOo&amp;_nc_ht=scontent-mrs2-2.xx&amp;oh=00_AT-BWHexDtXnH2DrcfDnzKd9SORnSBAu6F41l9-bnEzpzA&amp;oe=62EE6A8F\" alt=\"May be an image of 8 people, people standing and outdoors\"\/><\/figure>\n\n\n\n<figure class=\"wp-block-image size-large\"><img loading=\"lazy\" width=\"1024\" height=\"768\" src=\"https:\/\/olympiquedemartiel.fr\/wp-content\/uploads\/2022\/08\/image-1024x768.png\" alt=\"\" class=\"wp-image-545\" srcset=\"https:\/\/olympiquedemartiel.fr\/wp-content\/uploads\/2022\/08\/image-1024x768.png 1024w, https:\/\/olympiquedemartiel.fr\/wp-content\/uploads\/2022\/08\/image-300x225.png 300w, https:\/\/olympiquedemartiel.fr\/wp-content\/uploads\/2022\/08\/image-768x576.png 768w, https:\/\/olympiquedemartiel.fr\/wp-content\/uploads\/2022\/08\/image.png 1500w\" sizes=\"(max-width: 767px) 89vw, (max-width: 1000px) 54vw, (max-width: 1071px) 543px, 580px\" \/><\/figure>\n","protected":false},"excerpt":{"rendered":"<p>Quelle saison! Malgr\u00e9 la d\u00e9faite en finale de coupe 3-4 contre l&rsquo;A.R. Manhac, le groupe finit en t\u00eate du groupe B du championnat de D4, tout juste 3 ans apr\u00e8s sa cr\u00e9ation en D6. L&rsquo;Olympique de Martiel \u00e9voluera en D3 lors de la saison 2022-23. F\u00e9licitations \u00e0 l&rsquo;ensemble des joueurs et dirigeants pour l&rsquo;incroyable boulot &hellip; <\/p>\n<p class=\"link-more\"><a href=\"https:\/\/olympiquedemartiel.fr\/?p=544\" class=\"more-link\">Continuer la lecture<span class=\"screen-reader-text\"> de &laquo;&nbsp;Fin de saison!&nbsp;&raquo;<\/span><\/a><\/p>\n","protected":false},"author":1,"featured_media":0,"comment_status":"closed","ping_status":"open","sticky":false,"template":"","format":"standard","meta":[],"categories":[1],"tags":[],"_links":{"self":[{"href":"https:\/\/olympiquedemartiel.fr\/index.php?rest_route=\/wp\/v2\/posts\/544"}],"collection":[{"href":"https:\/\/olympiquedemartiel.fr\/index.php?rest_route=\/wp\/v2\/posts"}],"about":[{"href":"https:\/\/olympiquedemartiel.fr\/index.php?rest_route=\/wp\/v2\/types\/post"}],"author":[{"embeddable":true,"href":"https:\/\/olympiquedemartiel.fr\/index.php?rest_route=\/wp\/v2\/users\/1"}],"replies":[{"embeddable":true,"href":"https:\/\/olympiquedemartiel.fr\/index.php?rest_route=%2Fwp%2Fv2%2Fcomments&post=544"}],"version-history":[{"count":3,"href":"https:\/\/olympiquedemartiel.fr\/index.php?rest_route=\/wp\/v2\/posts\/544\/revisions"}],"predecessor-version":[{"id":548,"href":"https:\/\/olympiquedemartiel.fr\/index.php?rest_route=\/wp\/v2\/posts\/544\/revisions\/548"}],"wp:attachment":[{"href":"https:\/\/olympiquedemartiel.fr\/index.php?rest_route=%2Fwp%2Fv2%2Fmedia&parent=544"}],"wp:term":[{"taxonomy":"category","embeddable":true,"href":"https:\/\/olympiquedemartiel.fr\/index.php?rest_route=%2Fwp%2Fv2%2Fcategories&post=544"},{"taxonomy":"post_tag","embeddable":true,"href":"https:\/\/olympiquedemartiel.fr\/index.php?rest_route=%2Fwp%2Fv2%2Ftags&post=544"}],"curies":[{"name":"wp","href":"https:\/\/api.w.org\/{rel}","templated":true}]}}